{"id":88,"date":"2003-06-17T11:23:33","date_gmt":"2003-06-17T09:23:33","guid":{"rendered":"https:\/\/weblog.bergersen.net\/jarle2\/?p=88"},"modified":"2003-06-17T11:23:33","modified_gmt":"2003-06-17T09:23:33","slug":"det-norske-demokratiet-er-d%c3%b8ende","status":"publish","type":"post","link":"https:\/\/weblog.bergersen.net\/jarle\/2003\/06\/17\/det-norske-demokratiet-er-d%c3%b8ende\/","title":{"rendered":"Det norske demokratiet er d\u00f8ende.."},"content":{"rendered":"<p>F\u00e6rre og f\u00e6rre deltar i valgene her i Norge. Dette er ikke en tendens som bare gjelder Norge, det gjelder for hele den vestlige verden. Det kan se ut som om vi kanskje har f\u00e5tt det s\u00e5 godt at det ikke betyr s\u00e5 mye hvem som bestemmer.<br \/>\nDet som virkelig skremmer meg er den lave deltagelsen lokalt. Der jeg bor hadded man i \u00e5r et katastrofevalg: <a title=\"Fiasko-valg i Nittedal\" href=\"http:\/\/www.vg.no\/pub\/vgart.hbs?artid=63920\">Fiasko-valg i Nittedal<\/a>. Bare ca. 46% av kommunens innbyggere stemte i kommunevalget. N\u00e5 skal det sies at selve gjennomf\u00f8ringen av valget sviktet. At de valgte \u00e5 ha valget utenfor den vanlige tiden for kommunevalg ellers i landet kan nok forklare noe av den d\u00e5rlige deltagelsen. Men jeg tror det stikker dypere, jeg tror rett og slett at med dagens system f\u00f8ler de aller fleste at de ikke har s\u00e5 mye de skulle ha sagt i det demokratiet vi har her i Norge.<br \/>\nKanskje det er p\u00e5 tide \u00e5 se p\u00e5 hva som skjer med lokalpolitikken i Brasil? Der har de innf\u00f8rt det jeg vil kalle &laquo;deltagende demokrati&raquo;, hvor innbyggerene selv kan v\u00e6re med og stemme frem budsjetter for sine omr\u00e5det, slik at de selv har mer innflytelse p\u00e5 den demokratiske prosess, og utviklingen av sitt eget n\u00e6romr\u00e5de.<br \/>\nJeg har skrevet litt om <a href=\"http:\/\/weblog.bergersen.net\/archives\/000417.html\">denne nye typen demokrati<\/a> i min engelske blogg.  Personlig mener jeg det ville v\u00e6re sundt for det norske demokratiet \u00e5 innf\u00f8re lignende prosesser i lokalsamfunnene i Norge.<\/p>\n","protected":false},"excerpt":{"rendered":"<p>F\u00e6rre og f\u00e6rre deltar i valgene her i Norge. Dette er ikke en tendens som bare gjelder Norge, det gjelder for hele den vestlige verden. Det kan se ut som om vi kanskje har f\u00e5tt det s\u00e5 godt at det ikke betyr s\u00e5 mye hvem som bestemmer. Det som virkelig skremmer meg er den lave [&hellip;]<\/p>\n","protected":false},"author":3,"featured_media":0,"comment_status":"closed","ping_status":"closed","sticky":false,"template":"","format":"standard","meta":{"_monsterinsights_skip_tracking":false,"_monsterinsights_sitenote_active":false,"_monsterinsights_sitenote_note":"","_monsterinsights_sitenote_category":0,"site-sidebar-layout":"default","site-content-layout":"","ast-site-content-layout":"default","site-content-style":"default","site-sidebar-style":"default","ast-global-header-display":"","ast-banner-title-visibility":"","ast-main-header-display":"","ast-hfb-above-header-display":"","ast-hfb-below-header-display":"","ast-hfb-mobile-header-display":"","site-post-title":"","ast-breadcrumbs-content":"","ast-featured-img":"","footer-sml-layout":"","ast-disable-related-posts":"","theme-transparent-header-meta":"","adv-header-id-meta":"","stick-header-meta":"","header-above-stick-meta":"","header-main-stick-meta":"","header-below-stick-meta":"","astra-migrate-meta-layouts":"default","ast-page-background-enabled":"default","ast-page-background-meta":{"desktop":{"background-color":"","background-image":"","background-repeat":"repeat","background-position":"center center","background-size":"auto","background-attachment":"scroll","background-type":"","background-media":"","overlay-type":"","overlay-color":"","overlay-opacity":"","overlay-gradient":""},"tablet":{"background-color":"","background-image":"","background-repeat":"repeat","background-position":"center center","background-size":"auto","background-attachment":"scroll","background-type":"","background-media":"","overlay-type":"","overlay-color":"","overlay-opacity":"","overlay-gradient":""},"mobile":{"background-color":"","background-image":"","background-repeat":"repeat","background-position":"center center","background-size":"auto","background-attachment":"scroll","background-type":"","background-media":"","overlay-type":"","overlay-color":"","overlay-opacity":"","overlay-gradient":""}},"ast-content-background-meta":{"desktop":{"background-color":"var(--ast-global-color-5)","background-image":"","background-repeat":"repeat","background-position":"center center","background-size":"auto","background-attachment":"scroll","background-type":"","background-media":"","overlay-type":"","overlay-color":"","overlay-opacity":"","overlay-gradient":""},"tablet":{"background-color":"var(--ast-global-color-5)","background-image":"","background-repeat":"repeat","background-position":"center center","background-size":"auto","background-attachment":"scroll","background-type":"","background-media":"","overlay-type":"","overlay-color":"","overlay-opacity":"","overlay-gradient":""},"mobile":{"background-color":"var(--ast-global-color-5)","background-image":"","background-repeat":"repeat","background-position":"center center","background-size":"auto","background-attachment":"scroll","background-type":"","background-media":"","overlay-type":"","overlay-color":"","overlay-opacity":"","overlay-gradient":""}},"footnotes":""},"categories":[4],"tags":[],"class_list":["post-88","post","type-post","status-publish","format-standard","hentry","category-gpp"],"yoast_head":"<!-- This site is optimized with the Yoast SEO plugin v27.4 - https:\/\/yoast.com\/product\/yoast-seo-wordpress\/ -->\n<title>Det norske demokratiet er d\u00f8ende.. - Jarle p\u00e5 norsk<\/title>\n<meta name=\"robots\" content=\"index, follow, max-snippet:-1, max-image-preview:large, max-video-preview:-1\" \/>\n<link rel=\"canonical\" href=\"https:\/\/weblog.bergersen.net\/jarle\/2003\/06\/17\/det-norske-demokratiet-er-d\u00f8ende\/\" \/>\n<meta name=\"twitter:label1\" content=\"Skrevet av\" \/>\n\t<meta name=\"twitter:data1\" content=\"Jarle\" \/>\n\t<meta name=\"twitter:label2\" content=\"Ansl. lesetid\" \/>\n\t<meta name=\"twitter:data2\" content=\"1 minutt\" \/>\n<script type=\"application\/ld+json\" class=\"yoast-schema-graph\">{\"@context\":\"https:\\\/\\\/schema.org\",\"@graph\":[{\"@type\":\"Article\",\"@id\":\"https:\\\/\\\/weblog.bergersen.net\\\/jarle\\\/2003\\\/06\\\/17\\\/det-norske-demokratiet-er-d%c3%b8ende\\\/#article\",\"isPartOf\":{\"@id\":\"https:\\\/\\\/weblog.bergersen.net\\\/jarle\\\/2003\\\/06\\\/17\\\/det-norske-demokratiet-er-d%c3%b8ende\\\/\"},\"author\":{\"name\":\"Jarle\",\"@id\":\"https:\\\/\\\/weblog.bergersen.net\\\/jarle\\\/#\\\/schema\\\/person\\\/dc7cba7d98ae76b8d21763d6f4fcb89a\"},\"headline\":\"Det norske demokratiet er d\u00f8ende..\",\"datePublished\":\"2003-06-17T09:23:33+00:00\",\"mainEntityOfPage\":{\"@id\":\"https:\\\/\\\/weblog.bergersen.net\\\/jarle\\\/2003\\\/06\\\/17\\\/det-norske-demokratiet-er-d%c3%b8ende\\\/\"},\"wordCount\":250,\"publisher\":{\"@id\":\"https:\\\/\\\/weblog.bergersen.net\\\/jarle\\\/#organization\"},\"articleSection\":[\"gpp\"],\"inLanguage\":\"nb-NO\"},{\"@type\":\"WebPage\",\"@id\":\"https:\\\/\\\/weblog.bergersen.net\\\/jarle\\\/2003\\\/06\\\/17\\\/det-norske-demokratiet-er-d%c3%b8ende\\\/\",\"url\":\"https:\\\/\\\/weblog.bergersen.net\\\/jarle\\\/2003\\\/06\\\/17\\\/det-norske-demokratiet-er-d%c3%b8ende\\\/\",\"name\":\"Det norske demokratiet er d\u00f8ende.. - Jarle p\u00e5 norsk\",\"isPartOf\":{\"@id\":\"https:\\\/\\\/weblog.bergersen.net\\\/jarle\\\/#website\"},\"datePublished\":\"2003-06-17T09:23:33+00:00\",\"breadcrumb\":{\"@id\":\"https:\\\/\\\/weblog.bergersen.net\\\/jarle\\\/2003\\\/06\\\/17\\\/det-norske-demokratiet-er-d%c3%b8ende\\\/#breadcrumb\"},\"inLanguage\":\"nb-NO\",\"potentialAction\":[{\"@type\":\"ReadAction\",\"target\":[\"https:\\\/\\\/weblog.bergersen.net\\\/jarle\\\/2003\\\/06\\\/17\\\/det-norske-demokratiet-er-d%c3%b8ende\\\/\"]}]},{\"@type\":\"BreadcrumbList\",\"@id\":\"https:\\\/\\\/weblog.bergersen.net\\\/jarle\\\/2003\\\/06\\\/17\\\/det-norske-demokratiet-er-d%c3%b8ende\\\/#breadcrumb\",\"itemListElement\":[{\"@type\":\"ListItem\",\"position\":1,\"name\":\"Hjem\",\"item\":\"https:\\\/\\\/weblog.bergersen.net\\\/jarle\\\/\"},{\"@type\":\"ListItem\",\"position\":2,\"name\":\"Det norske demokratiet er d\u00f8ende..\"}]},{\"@type\":\"WebSite\",\"@id\":\"https:\\\/\\\/weblog.bergersen.net\\\/jarle\\\/#website\",\"url\":\"https:\\\/\\\/weblog.bergersen.net\\\/jarle\\\/\",\"name\":\"Jarle p\u00e5 norsk\",\"description\":\"fordi jeg ikke kan holde kjeft\",\"publisher\":{\"@id\":\"https:\\\/\\\/weblog.bergersen.net\\\/jarle\\\/#organization\"},\"potentialAction\":[{\"@type\":\"SearchAction\",\"target\":{\"@type\":\"EntryPoint\",\"urlTemplate\":\"https:\\\/\\\/weblog.bergersen.net\\\/jarle\\\/?s={search_term_string}\"},\"query-input\":{\"@type\":\"PropertyValueSpecification\",\"valueRequired\":true,\"valueName\":\"search_term_string\"}}],\"inLanguage\":\"nb-NO\"},{\"@type\":\"Organization\",\"@id\":\"https:\\\/\\\/weblog.bergersen.net\\\/jarle\\\/#organization\",\"name\":\"Jarle p\u00e5 norsk\",\"url\":\"https:\\\/\\\/weblog.bergersen.net\\\/jarle\\\/\",\"logo\":{\"@type\":\"ImageObject\",\"inLanguage\":\"nb-NO\",\"@id\":\"https:\\\/\\\/weblog.bergersen.net\\\/jarle\\\/#\\\/schema\\\/logo\\\/image\\\/\",\"url\":\"https:\\\/\\\/weblog.bergersen.net\\\/jarle\\\/wp-content\\\/uploads\\\/2021\\\/04\\\/cropped-image.jpeg\",\"contentUrl\":\"https:\\\/\\\/weblog.bergersen.net\\\/jarle\\\/wp-content\\\/uploads\\\/2021\\\/04\\\/cropped-image.jpeg\",\"width\":542,\"height\":122,\"caption\":\"Jarle p\u00e5 norsk\"},\"image\":{\"@id\":\"https:\\\/\\\/weblog.bergersen.net\\\/jarle\\\/#\\\/schema\\\/logo\\\/image\\\/\"}},{\"@type\":\"Person\",\"@id\":\"https:\\\/\\\/weblog.bergersen.net\\\/jarle\\\/#\\\/schema\\\/person\\\/dc7cba7d98ae76b8d21763d6f4fcb89a\",\"name\":\"Jarle\",\"image\":{\"@type\":\"ImageObject\",\"inLanguage\":\"nb-NO\",\"@id\":\"https:\\\/\\\/secure.gravatar.com\\\/avatar\\\/568a92f2b655b69509d5b723c04d39d8793079914edc26a47b1602e1d68a6426?s=96&d=mm&r=x\",\"url\":\"https:\\\/\\\/secure.gravatar.com\\\/avatar\\\/568a92f2b655b69509d5b723c04d39d8793079914edc26a47b1602e1d68a6426?s=96&d=mm&r=x\",\"contentUrl\":\"https:\\\/\\\/secure.gravatar.com\\\/avatar\\\/568a92f2b655b69509d5b723c04d39d8793079914edc26a47b1602e1d68a6426?s=96&d=mm&r=x\",\"caption\":\"Jarle\"},\"description\":\"Driver eget firma som lager flotte nettl\u00f8sninger. Se Senson AS - Wordpress utvikling for mer informasjon om hva jeg kan hjelpe deg med.\",\"sameAs\":[\"http:\\\/\\\/jarle.bergersen.net\\\/\",\"https:\\\/\\\/x.com\\\/jarledb\"],\"url\":\"https:\\\/\\\/weblog.bergersen.net\\\/jarle\\\/author\\\/admin\\\/\"}]}<\/script>\n<!-- \/ Yoast SEO plugin. -->","yoast_head_json":{"title":"Det norske demokratiet er d\u00f8ende.. - Jarle p\u00e5 norsk","robots":{"index":"index","follow":"follow","max-snippet":"max-snippet:-1","max-image-preview":"max-image-preview:large","max-video-preview":"max-video-preview:-1"},"canonical":"https:\/\/weblog.bergersen.net\/jarle\/2003\/06\/17\/det-norske-demokratiet-er-d\u00f8ende\/","twitter_misc":{"Skrevet av":"Jarle","Ansl. lesetid":"1 minutt"},"schema":{"@context":"https:\/\/schema.org","@graph":[{"@type":"Article","@id":"https:\/\/weblog.bergersen.net\/jarle\/2003\/06\/17\/det-norske-demokratiet-er-d%c3%b8ende\/#article","isPartOf":{"@id":"https:\/\/weblog.bergersen.net\/jarle\/2003\/06\/17\/det-norske-demokratiet-er-d%c3%b8ende\/"},"author":{"name":"Jarle","@id":"https:\/\/weblog.bergersen.net\/jarle\/#\/schema\/person\/dc7cba7d98ae76b8d21763d6f4fcb89a"},"headline":"Det norske demokratiet er d\u00f8ende..","datePublished":"2003-06-17T09:23:33+00:00","mainEntityOfPage":{"@id":"https:\/\/weblog.bergersen.net\/jarle\/2003\/06\/17\/det-norske-demokratiet-er-d%c3%b8ende\/"},"wordCount":250,"publisher":{"@id":"https:\/\/weblog.bergersen.net\/jarle\/#organization"},"articleSection":["gpp"],"inLanguage":"nb-NO"},{"@type":"WebPage","@id":"https:\/\/weblog.bergersen.net\/jarle\/2003\/06\/17\/det-norske-demokratiet-er-d%c3%b8ende\/","url":"https:\/\/weblog.bergersen.net\/jarle\/2003\/06\/17\/det-norske-demokratiet-er-d%c3%b8ende\/","name":"Det norske demokratiet er d\u00f8ende.. - Jarle p\u00e5 norsk","isPartOf":{"@id":"https:\/\/weblog.bergersen.net\/jarle\/#website"},"datePublished":"2003-06-17T09:23:33+00:00","breadcrumb":{"@id":"https:\/\/weblog.bergersen.net\/jarle\/2003\/06\/17\/det-norske-demokratiet-er-d%c3%b8ende\/#breadcrumb"},"inLanguage":"nb-NO","potentialAction":[{"@type":"ReadAction","target":["https:\/\/weblog.bergersen.net\/jarle\/2003\/06\/17\/det-norske-demokratiet-er-d%c3%b8ende\/"]}]},{"@type":"BreadcrumbList","@id":"https:\/\/weblog.bergersen.net\/jarle\/2003\/06\/17\/det-norske-demokratiet-er-d%c3%b8ende\/#breadcrumb","itemListElement":[{"@type":"ListItem","position":1,"name":"Hjem","item":"https:\/\/weblog.bergersen.net\/jarle\/"},{"@type":"ListItem","position":2,"name":"Det norske demokratiet er d\u00f8ende.."}]},{"@type":"WebSite","@id":"https:\/\/weblog.bergersen.net\/jarle\/#website","url":"https:\/\/weblog.bergersen.net\/jarle\/","name":"Jarle p\u00e5 norsk","description":"fordi jeg ikke kan holde kjeft","publisher":{"@id":"https:\/\/weblog.bergersen.net\/jarle\/#organization"},"potentialAction":[{"@type":"SearchAction","target":{"@type":"EntryPoint","urlTemplate":"https:\/\/weblog.bergersen.net\/jarle\/?s={search_term_string}"},"query-input":{"@type":"PropertyValueSpecification","valueRequired":true,"valueName":"search_term_string"}}],"inLanguage":"nb-NO"},{"@type":"Organization","@id":"https:\/\/weblog.bergersen.net\/jarle\/#organization","name":"Jarle p\u00e5 norsk","url":"https:\/\/weblog.bergersen.net\/jarle\/","logo":{"@type":"ImageObject","inLanguage":"nb-NO","@id":"https:\/\/weblog.bergersen.net\/jarle\/#\/schema\/logo\/image\/","url":"https:\/\/weblog.bergersen.net\/jarle\/wp-content\/uploads\/2021\/04\/cropped-image.jpeg","contentUrl":"https:\/\/weblog.bergersen.net\/jarle\/wp-content\/uploads\/2021\/04\/cropped-image.jpeg","width":542,"height":122,"caption":"Jarle p\u00e5 norsk"},"image":{"@id":"https:\/\/weblog.bergersen.net\/jarle\/#\/schema\/logo\/image\/"}},{"@type":"Person","@id":"https:\/\/weblog.bergersen.net\/jarle\/#\/schema\/person\/dc7cba7d98ae76b8d21763d6f4fcb89a","name":"Jarle","image":{"@type":"ImageObject","inLanguage":"nb-NO","@id":"https:\/\/secure.gravatar.com\/avatar\/568a92f2b655b69509d5b723c04d39d8793079914edc26a47b1602e1d68a6426?s=96&d=mm&r=x","url":"https:\/\/secure.gravatar.com\/avatar\/568a92f2b655b69509d5b723c04d39d8793079914edc26a47b1602e1d68a6426?s=96&d=mm&r=x","contentUrl":"https:\/\/secure.gravatar.com\/avatar\/568a92f2b655b69509d5b723c04d39d8793079914edc26a47b1602e1d68a6426?s=96&d=mm&r=x","caption":"Jarle"},"description":"Driver eget firma som lager flotte nettl\u00f8sninger. Se Senson AS - Wordpress utvikling for mer informasjon om hva jeg kan hjelpe deg med.","sameAs":["http:\/\/jarle.bergersen.net\/","https:\/\/x.com\/jarledb"],"url":"https:\/\/weblog.bergersen.net\/jarle\/author\/admin\/"}]}},"_links":{"self":[{"href":"https:\/\/weblog.bergersen.net\/jarle\/wp-json\/wp\/v2\/posts\/88","targetHints":{"allow":["GET"]}}],"collection":[{"href":"https:\/\/weblog.bergersen.net\/jarle\/wp-json\/wp\/v2\/posts"}],"about":[{"href":"https:\/\/weblog.bergersen.net\/jarle\/wp-json\/wp\/v2\/types\/post"}],"author":[{"embeddable":true,"href":"https:\/\/weblog.bergersen.net\/jarle\/wp-json\/wp\/v2\/users\/3"}],"replies":[{"embeddable":true,"href":"https:\/\/weblog.bergersen.net\/jarle\/wp-json\/wp\/v2\/comments?post=88"}],"version-history":[{"count":0,"href":"https:\/\/weblog.bergersen.net\/jarle\/wp-json\/wp\/v2\/posts\/88\/revisions"}],"wp:attachment":[{"href":"https:\/\/weblog.bergersen.net\/jarle\/wp-json\/wp\/v2\/media?parent=88"}],"wp:term":[{"taxonomy":"category","embeddable":true,"href":"https:\/\/weblog.bergersen.net\/jarle\/wp-json\/wp\/v2\/categories?post=88"},{"taxonomy":"post_tag","embeddable":true,"href":"https:\/\/weblog.bergersen.net\/jarle\/wp-json\/wp\/v2\/tags?post=88"}],"curies":[{"name":"wp","href":"https:\/\/api.w.org\/{rel}","templated":true}]}}